{"id":995,"date":"2011-04-18T06:26:15","date_gmt":"2011-04-18T05:26:15","guid":{"rendered":"https:\/\/stage-ada.cooper-media.dev\/2011\/04\/18\/rede-von-herrn-dr-berghauser-bei-der-preisvergabe-2\/"},"modified":"2022-11-28T13:46:08","modified_gmt":"2022-11-28T12:46:08","slug":"rede-von-herrn-dr-berghauser-bei-der-preisvergabe-2","status":"publish","type":"post","link":"https:\/\/anwaelte-da.de\/en\/rede-von-herrn-dr-berghauser-bei-der-preisvergabe-2\/","title":{"rendered":"Rede von Herrn Dr. Bergh\u00e4user bei der Preisvergabe"},"content":{"rendered":"<p style=\"text-align: center;\" align=\"center\"><img loading=\"lazy\" decoding=\"async\" class=\"aligncenter size-full wp-image-741\" title=\"Darmstaedter Loewe\" src=\"https:\/\/anwaelte-da.de\/wp-content\/uploads\/2022\/11\/Darmstaedter_Loewe_SW.jpg\" alt=\"Darmstaedter Loewe\" width=\"295\" height=\"175\" \/>\u00a0<\/p>\n<p align=\"center\">DARMST\u00c4DTER L\u00d6WE<\/p>\n<p align=\"center\">Preis f\u00fcr besonderes soziales Engagement<\/p>\n<p align=\"center\">\u00a0<\/p>\n<p align=\"center\"><strong>Auszug aus dem Redebeitrag von<\/strong><strong>\u00a0<a href=\"https:\/\/anwaelte-da.de\/wp-content\/uploads\/2022\/11\/Darmstaedter_Loewe_Dr_Berg.jpg\"><img loading=\"lazy\" decoding=\"async\" class=\"size-full wp-image-738 alignright\" title=\"Dr.  Klaus Bergh\u00e4user\" src=\"https:\/\/anwaelte-da.de\/wp-content\/uploads\/2022\/11\/Darmstaedter_Loewe_Dr_Berg.jpg\" alt=\"Redebeitrag Darmst\u00e4dter L\u00f6we\" width=\"228\" height=\"249\" \/><\/a><\/strong><\/p>\n<p align=\"center\"><strong>\u00a0<\/strong><\/p>\n<p align=\"center\"><strong>Dr. Klaus Bergh\u00e4user<\/strong><strong>\u00a0<\/strong><\/p>\n<p align=\"center\"><strong>Rechtsanwalt, Notar, Mediator<\/strong><\/p>\n<p align=\"center\"><strong>Partner der Soziet\u00e4t<\/strong><strong>\u00a0<\/strong><\/p>\n<p align=\"center\"><strong>\u00a0<\/strong><\/p>\n<p align=\"center\"><strong>\u00a0<\/strong><\/p>\n<p align=\"center\"><strong>\u00a0<\/strong><\/p>\n<p><strong><\/p>\n<p align=\"center\">\u00a0<\/p>\n<p><\/strong><\/p>\n<p align=\"center\">\u00a0<\/p>\n<p align=\"center\">\u00a0<strong>\u00a0<\/strong><strong>anl\u00e4sslich der Verleihung des Darmst\u00e4dter L\u00f6wen im Gro\u00dfen <br \/>\n<\/strong><strong>Festsaal der IHK Darmstadt am 23.03.2011<\/strong><\/p>\n<p><br class=\"spacer_\" \/><\/p>\n<p>Sehr geehrte Damen und Herren,<br \/>\nliebe Kolleginnen und Kollegen,<br \/>\nliebe Freundinnen und Freunde,<\/p>\n<p>Staat und Kommunen sind hoch verschuldet. Ihr finanzieller Handlungsspielraum wird zunehmend geringer. Freiwillige soziale Leistungen werden gek\u00fcrzt. Ein Ende dieser K\u00fcrzungen nicht abzusehen. Hierunter leiden auch viele gemeinn\u00fctzige Institutionen in unserer Region.<\/p>\n<p>Wir als eine in Darmstadt seit vielen Jahrzehnten verwurzelte Anwaltskanzlei wollen in dieser Situation einen finanziellen Beitrag zur Verbesserung leisten.<\/p>\n<p>Wir m\u00f6chten mit dem Preis des Darmst\u00e4dter L\u00f6wen solche regionale Organisationen \u00fcberst\u00fctzen, die uns und unsere Mandantinnen und Mandanten durch ein besonders herausragendes soziales Engagement \u00fcberzeugt haben. Ohne den Einsatz dieser gesellschaftlichen Organisationen und der in ihnen t\u00e4tigen Menschen w\u00e4re unser Zusammenleben nicht nur in und um Darmstadt zweifellos \u00e4rmer und k\u00e4lter. Viele und vieles w\u00fcrde auf der Strecke bleiben.<\/p>\n<p>Soziales Engagement hat viele Gesichter. Wir kennen nicht alle davon, sondern nur diejenigen, die sich durch ihre \u00f6ffentlichen Aktivit\u00e4ten in unser Blickfeld schieben.<\/p>\n<p>Wir m\u00f6chten jedoch all denen, die sich aktiv f\u00fcr ihre Mitmenschen einsetzen, mit dem Darmst\u00e4dter L\u00f6wen sagen:<\/p>\n<p>\u25cf\u00a0\u00a0\u00a0\u00a0\u00a0\u00a0\u00a0\u00a0 Ihr oftmals selbstloser Einsatz wird nicht f\u00fcr selbstverst\u00e4ndlich gehalten.<\/p>\n<p>\u25cf\u00a0\u00a0\u00a0\u00a0\u00a0\u00a0\u00a0\u00a0 Ihr Einsatz wird wahrgenommen und honoriert.<\/p>\n<p>\u25cf\u00a0\u00a0\u00a0\u00a0\u00a0\u00a0\u00a0\u00a0 Sie haben Dank und Anerkennung verdient.<\/p>\n<p>\u25cf\u00a0\u00a0\u00a0\u00a0\u00a0\u00a0\u00a0\u00a0 Ihre Arbeit ist f\u00fcr das Leben in unseren Kommunen von unsch\u00e4tzbarem Wert.<\/p>\n<p>Gleichzeitig m\u00f6chten wir ansteckend wirken. Wir wollen Vorbild sein und andere ermutigen, \u00c4hnliches zu tun. Wir hoffen, Nachahmer zu finden, sei es innerhalb oder au\u00dferhalb unseres Mandantenkreises.<\/p>\n<p>Deswegen haben wir den Darmst\u00e4dter L\u00f6wen gestiftet. Er wird zuk\u00fcnftig alle zwei Jahre an eine gemeinn\u00fctzige Einrichtung vergeben und ist mit 10.000,&#8211; \u20ac dotiert.<\/p>\n<p>Von unseren Mandantinnen und Mandanten ist dies mit gro\u00dfem Wohlwollen aufgenommen worden. Wir bedanken uns f\u00fcr Ihre hohe Beteiligung bei der Wahl des Preistr\u00e4gers. Als eindeutiger Sieger ging mit gro\u00dfer Mehrheit das Projekt ANNA &#8211; Alles Nur Nicht Aufgeben hervor.<\/p>\n<p>Unserer besonderer Dank geht auch an die Mitglieder unserer Vorjury: Herrn Filbert als Vorstandsvorsitzenden der HSE AG, Herrn Stadtrat Partsch und Herrn Dr. R\u00f6hrig, dem Kaufm\u00e4nnischen Gesch\u00e4ftsf\u00fchrer des Alice Hospitals.<\/p>\n<p>Ganz besonders danken wir auch Herrn Donald Sch\u00e4fer, dem Gesch\u00e4ftsf\u00fchrer der Fa. Resopal GmbH aus Gro\u00df-Umstadt, f\u00fcr seine Bereitschaft, heute die Laudatio zu halten.<\/p>\n","protected":false},"excerpt":{"rendered":"<p>\u00a0 DARMST\u00c4DTER L\u00d6WE Preis f\u00fcr besonderes soziales Engagement \u00a0 Auszug aus dem Redebeitrag von\u00a0 \u00a0 Dr. Klaus Bergh\u00e4user\u00a0 Rechtsanwalt, Notar, Mediator Partner der Soziet\u00e4t\u00a0 \u00a0 \u00a0 \u00a0 \u00a0 \u00a0 \u00a0\u00a0anl\u00e4sslich der Verleihung des Darmst\u00e4dter L\u00f6wen im Gro\u00dfen Festsaal der IHK Darmstadt am 23.03.2011 Sehr geehrte Damen und Herren, liebe Kolleginnen und Kollegen, liebe Freundinnen und [&hellip;]<\/p>\n","protected":false},"author":4,"featured_media":855,"comment_status":"open","ping_status":"open","sticky":false,"template":"","format":"standard","meta":{"_acf_changed":false,"inline_featured_image":false,"footnotes":""},"categories":[29],"tags":[],"class_list":["post-995","post","type-post","status-publish","format-standard","has-post-thumbnail","hentry","category-darmstaedter-loewe"],"acf":[],"yoast_head":"<!-- This site is optimized with the Yoast SEO plugin v25.5 - https:\/\/yoast.com\/wordpress\/plugins\/seo\/ -->\n<title>Rede von Herrn Dr. Bergh\u00e4user bei der Preisvergabe - Rechtsanw\u00e4lte &amp; Notare seit 1925 in Darmstadt<\/title>\n<meta name=\"robots\" content=\"index, follow, max-snippet:-1, max-image-preview:large, max-video-preview:-1\" \/>\n<link rel=\"canonical\" href=\"https:\/\/anwaelte-da.de\/en\/rede-von-herrn-dr-berghauser-bei-der-preisvergabe-2\/\" \/>\n<meta property=\"og:locale\" content=\"en_GB\" \/>\n<meta property=\"og:type\" content=\"article\" \/>\n<meta property=\"og:title\" content=\"Rede von Herrn Dr. Bergh\u00e4user bei der Preisvergabe - Rechtsanw\u00e4lte &amp; Notare seit 1925 in Darmstadt\" \/>\n<meta property=\"og:description\" content=\"\u00a0 DARMST\u00c4DTER L\u00d6WE Preis f\u00fcr besonderes soziales Engagement \u00a0 Auszug aus dem Redebeitrag von\u00a0 \u00a0 Dr. Klaus Bergh\u00e4user\u00a0 Rechtsanwalt, Notar, Mediator Partner der Soziet\u00e4t\u00a0 \u00a0 \u00a0 \u00a0 \u00a0 \u00a0 \u00a0\u00a0anl\u00e4sslich der Verleihung des Darmst\u00e4dter L\u00f6wen im Gro\u00dfen Festsaal der IHK Darmstadt am 23.03.2011 Sehr geehrte Damen und Herren, liebe Kolleginnen und Kollegen, liebe Freundinnen und [&hellip;]\" \/>\n<meta property=\"og:url\" content=\"https:\/\/anwaelte-da.de\/en\/rede-von-herrn-dr-berghauser-bei-der-preisvergabe-2\/\" \/>\n<meta property=\"og:site_name\" content=\"Rechtsanw\u00e4lte &amp; Notare seit 1925 in Darmstadt\" \/>\n<meta property=\"article:published_time\" content=\"2011-04-18T05:26:15+00:00\" \/>\n<meta property=\"article:modified_time\" content=\"2022-11-28T12:46:08+00:00\" \/>\n<meta property=\"og:image\" content=\"https:\/\/anwaelte-da.de\/wp-content\/uploads\/2022\/11\/Darmstaedter_Loewe_SW.jpg\" \/>\n\t<meta property=\"og:image:width\" content=\"492\" \/>\n\t<meta property=\"og:image:height\" content=\"291\" \/>\n\t<meta property=\"og:image:type\" content=\"image\/jpeg\" \/>\n<meta name=\"author\" content=\"RechtsAnw\u00e4lte &amp; Notare Darmstadt\" \/>\n<meta name=\"twitter:card\" content=\"summary_large_image\" \/>\n<meta name=\"twitter:label1\" content=\"Written by\" \/>\n\t<meta name=\"twitter:data1\" content=\"RechtsAnw\u00e4lte &amp; Notare Darmstadt\" \/>\n\t<meta name=\"twitter:label2\" content=\"Estimated reading time\" \/>\n\t<meta name=\"twitter:data2\" content=\"2 minutes\" \/>\n<script type=\"application\/ld+json\" class=\"yoast-schema-graph\">{\"@context\":\"https:\/\/schema.org\",\"@graph\":[{\"@type\":\"Article\",\"@id\":\"https:\/\/anwaelte-da.de\/en\/rede-von-herrn-dr-berghauser-bei-der-preisvergabe-2\/#article\",\"isPartOf\":{\"@id\":\"https:\/\/anwaelte-da.de\/en\/rede-von-herrn-dr-berghauser-bei-der-preisvergabe-2\/\"},\"author\":{\"name\":\"RechtsAnw\u00e4lte &amp; Notare Darmstadt\",\"@id\":\"https:\/\/anwaelte-da.de\/en\/#\/schema\/person\/05e9d8a7343156cf0a4df0f3f2f33ab5\"},\"headline\":\"Rede von Herrn Dr. Bergh\u00e4user bei der Preisvergabe\",\"datePublished\":\"2011-04-18T05:26:15+00:00\",\"dateModified\":\"2022-11-28T12:46:08+00:00\",\"mainEntityOfPage\":{\"@id\":\"https:\/\/anwaelte-da.de\/en\/rede-von-herrn-dr-berghauser-bei-der-preisvergabe-2\/\"},\"wordCount\":433,\"commentCount\":0,\"publisher\":{\"@id\":\"https:\/\/anwaelte-da.de\/en\/#organization\"},\"image\":{\"@id\":\"https:\/\/anwaelte-da.de\/en\/rede-von-herrn-dr-berghauser-bei-der-preisvergabe-2\/#primaryimage\"},\"thumbnailUrl\":\"https:\/\/anwaelte-da.de\/wp-content\/uploads\/2022\/11\/Darmstaedter_Loewe_SW.jpg\",\"articleSection\":[\"Darmst\u00e4dter L\u00f6we\"],\"inLanguage\":\"en-GB\"},{\"@type\":\"WebPage\",\"@id\":\"https:\/\/anwaelte-da.de\/en\/rede-von-herrn-dr-berghauser-bei-der-preisvergabe-2\/\",\"url\":\"https:\/\/anwaelte-da.de\/en\/rede-von-herrn-dr-berghauser-bei-der-preisvergabe-2\/\",\"name\":\"Rede von Herrn Dr. Bergh\u00e4user bei der Preisvergabe - Rechtsanw\u00e4lte &amp; Notare seit 1925 in Darmstadt\",\"isPartOf\":{\"@id\":\"https:\/\/anwaelte-da.de\/en\/#website\"},\"primaryImageOfPage\":{\"@id\":\"https:\/\/anwaelte-da.de\/en\/rede-von-herrn-dr-berghauser-bei-der-preisvergabe-2\/#primaryimage\"},\"image\":{\"@id\":\"https:\/\/anwaelte-da.de\/en\/rede-von-herrn-dr-berghauser-bei-der-preisvergabe-2\/#primaryimage\"},\"thumbnailUrl\":\"https:\/\/anwaelte-da.de\/wp-content\/uploads\/2022\/11\/Darmstaedter_Loewe_SW.jpg\",\"datePublished\":\"2011-04-18T05:26:15+00:00\",\"dateModified\":\"2022-11-28T12:46:08+00:00\",\"breadcrumb\":{\"@id\":\"https:\/\/anwaelte-da.de\/en\/rede-von-herrn-dr-berghauser-bei-der-preisvergabe-2\/#breadcrumb\"},\"inLanguage\":\"en-GB\",\"potentialAction\":[{\"@type\":\"ReadAction\",\"target\":[\"https:\/\/anwaelte-da.de\/en\/rede-von-herrn-dr-berghauser-bei-der-preisvergabe-2\/\"]}]},{\"@type\":\"ImageObject\",\"inLanguage\":\"en-GB\",\"@id\":\"https:\/\/anwaelte-da.de\/en\/rede-von-herrn-dr-berghauser-bei-der-preisvergabe-2\/#primaryimage\",\"url\":\"https:\/\/anwaelte-da.de\/wp-content\/uploads\/2022\/11\/Darmstaedter_Loewe_SW.jpg\",\"contentUrl\":\"https:\/\/anwaelte-da.de\/wp-content\/uploads\/2022\/11\/Darmstaedter_Loewe_SW.jpg\",\"width\":492,\"height\":291},{\"@type\":\"BreadcrumbList\",\"@id\":\"https:\/\/anwaelte-da.de\/en\/rede-von-herrn-dr-berghauser-bei-der-preisvergabe-2\/#breadcrumb\",\"itemListElement\":[{\"@type\":\"ListItem\",\"position\":1,\"name\":\"Startseite\",\"item\":\"https:\/\/anwaelte-da.de\/en\/home\/\"},{\"@type\":\"ListItem\",\"position\":2,\"name\":\"Rede von Herrn Dr. Bergh\u00e4user bei der Preisvergabe\"}]},{\"@type\":\"WebSite\",\"@id\":\"https:\/\/anwaelte-da.de\/en\/#website\",\"url\":\"https:\/\/anwaelte-da.de\/en\/\",\"name\":\"Rechtsanw\u00e4lte &amp; Notare seit 1925 in Darmstadt\",\"description\":\"Fachanw\u00e4lte f\u00fcr Arbeitsrecht * Familienrecht * Erbrecht * Baurecht * Gesellschaftsrecht * Verwaltungsrecht * Versicherungsrecht * Mietrecht * Steuerrecht\",\"publisher\":{\"@id\":\"https:\/\/anwaelte-da.de\/en\/#organization\"},\"potentialAction\":[{\"@type\":\"SearchAction\",\"target\":{\"@type\":\"EntryPoint\",\"urlTemplate\":\"https:\/\/anwaelte-da.de\/en\/?s={search_term_string}\"},\"query-input\":{\"@type\":\"PropertyValueSpecification\",\"valueRequired\":true,\"valueName\":\"search_term_string\"}}],\"inLanguage\":\"en-GB\"},{\"@type\":\"Organization\",\"@id\":\"https:\/\/anwaelte-da.de\/en\/#organization\",\"name\":\"Rechtsanw\u00e4lte & Notare seit 1925 in Darmstadt\",\"url\":\"https:\/\/anwaelte-da.de\/en\/\",\"logo\":{\"@type\":\"ImageObject\",\"inLanguage\":\"en-GB\",\"@id\":\"https:\/\/anwaelte-da.de\/en\/#\/schema\/logo\/image\/\",\"url\":\"https:\/\/anwaelte-da.de\/wp-content\/uploads\/2022\/11\/header.png\",\"contentUrl\":\"https:\/\/anwaelte-da.de\/wp-content\/uploads\/2022\/11\/header.png\",\"width\":250,\"height\":39,\"caption\":\"Rechtsanw\u00e4lte & Notare seit 1925 in Darmstadt\"},\"image\":{\"@id\":\"https:\/\/anwaelte-da.de\/en\/#\/schema\/logo\/image\/\"}},{\"@type\":\"Person\",\"@id\":\"https:\/\/anwaelte-da.de\/en\/#\/schema\/person\/05e9d8a7343156cf0a4df0f3f2f33ab5\",\"name\":\"RechtsAnw\u00e4lte &amp; Notare Darmstadt\",\"image\":{\"@type\":\"ImageObject\",\"inLanguage\":\"en-GB\",\"@id\":\"https:\/\/anwaelte-da.de\/en\/#\/schema\/person\/image\/\",\"url\":\"https:\/\/secure.gravatar.com\/avatar\/6ddc2a11057ce06e8f299296627af790500123c6e1471daf6edf7d62b93db5e5?s=96&d=mm&r=g\",\"contentUrl\":\"https:\/\/secure.gravatar.com\/avatar\/6ddc2a11057ce06e8f299296627af790500123c6e1471daf6edf7d62b93db5e5?s=96&d=mm&r=g\",\"caption\":\"RechtsAnw\u00e4lte &amp; Notare Darmstadt\"},\"url\":\"https:\/\/anwaelte-da.de\/en\/author\/infoanwaelte-da-de\/\"}]}<\/script>\n<!-- \/ Yoast SEO plugin. -->","yoast_head_json":{"title":"Rede von Herrn Dr. Bergh\u00e4user bei der Preisvergabe - Rechtsanw\u00e4lte &amp; Notare seit 1925 in Darmstadt","robots":{"index":"index","follow":"follow","max-snippet":"max-snippet:-1","max-image-preview":"max-image-preview:large","max-video-preview":"max-video-preview:-1"},"canonical":"https:\/\/anwaelte-da.de\/en\/rede-von-herrn-dr-berghauser-bei-der-preisvergabe-2\/","og_locale":"en_GB","og_type":"article","og_title":"Rede von Herrn Dr. Bergh\u00e4user bei der Preisvergabe - Rechtsanw\u00e4lte &amp; Notare seit 1925 in Darmstadt","og_description":"\u00a0 DARMST\u00c4DTER L\u00d6WE Preis f\u00fcr besonderes soziales Engagement \u00a0 Auszug aus dem Redebeitrag von\u00a0 \u00a0 Dr. Klaus Bergh\u00e4user\u00a0 Rechtsanwalt, Notar, Mediator Partner der Soziet\u00e4t\u00a0 \u00a0 \u00a0 \u00a0 \u00a0 \u00a0 \u00a0\u00a0anl\u00e4sslich der Verleihung des Darmst\u00e4dter L\u00f6wen im Gro\u00dfen Festsaal der IHK Darmstadt am 23.03.2011 Sehr geehrte Damen und Herren, liebe Kolleginnen und Kollegen, liebe Freundinnen und [&hellip;]","og_url":"https:\/\/anwaelte-da.de\/en\/rede-von-herrn-dr-berghauser-bei-der-preisvergabe-2\/","og_site_name":"Rechtsanw\u00e4lte &amp; Notare seit 1925 in Darmstadt","article_published_time":"2011-04-18T05:26:15+00:00","article_modified_time":"2022-11-28T12:46:08+00:00","og_image":[{"width":492,"height":291,"url":"https:\/\/anwaelte-da.de\/wp-content\/uploads\/2022\/11\/Darmstaedter_Loewe_SW.jpg","type":"image\/jpeg"}],"author":"RechtsAnw\u00e4lte &amp; Notare Darmstadt","twitter_card":"summary_large_image","twitter_misc":{"Written by":"RechtsAnw\u00e4lte &amp; Notare Darmstadt","Estimated reading time":"2 minutes"},"schema":{"@context":"https:\/\/schema.org","@graph":[{"@type":"Article","@id":"https:\/\/anwaelte-da.de\/en\/rede-von-herrn-dr-berghauser-bei-der-preisvergabe-2\/#article","isPartOf":{"@id":"https:\/\/anwaelte-da.de\/en\/rede-von-herrn-dr-berghauser-bei-der-preisvergabe-2\/"},"author":{"name":"RechtsAnw\u00e4lte &amp; Notare Darmstadt","@id":"https:\/\/anwaelte-da.de\/en\/#\/schema\/person\/05e9d8a7343156cf0a4df0f3f2f33ab5"},"headline":"Rede von Herrn Dr. Bergh\u00e4user bei der Preisvergabe","datePublished":"2011-04-18T05:26:15+00:00","dateModified":"2022-11-28T12:46:08+00:00","mainEntityOfPage":{"@id":"https:\/\/anwaelte-da.de\/en\/rede-von-herrn-dr-berghauser-bei-der-preisvergabe-2\/"},"wordCount":433,"commentCount":0,"publisher":{"@id":"https:\/\/anwaelte-da.de\/en\/#organization"},"image":{"@id":"https:\/\/anwaelte-da.de\/en\/rede-von-herrn-dr-berghauser-bei-der-preisvergabe-2\/#primaryimage"},"thumbnailUrl":"https:\/\/anwaelte-da.de\/wp-content\/uploads\/2022\/11\/Darmstaedter_Loewe_SW.jpg","articleSection":["Darmst\u00e4dter L\u00f6we"],"inLanguage":"en-GB"},{"@type":"WebPage","@id":"https:\/\/anwaelte-da.de\/en\/rede-von-herrn-dr-berghauser-bei-der-preisvergabe-2\/","url":"https:\/\/anwaelte-da.de\/en\/rede-von-herrn-dr-berghauser-bei-der-preisvergabe-2\/","name":"Rede von Herrn Dr. Bergh\u00e4user bei der Preisvergabe - Rechtsanw\u00e4lte &amp; Notare seit 1925 in Darmstadt","isPartOf":{"@id":"https:\/\/anwaelte-da.de\/en\/#website"},"primaryImageOfPage":{"@id":"https:\/\/anwaelte-da.de\/en\/rede-von-herrn-dr-berghauser-bei-der-preisvergabe-2\/#primaryimage"},"image":{"@id":"https:\/\/anwaelte-da.de\/en\/rede-von-herrn-dr-berghauser-bei-der-preisvergabe-2\/#primaryimage"},"thumbnailUrl":"https:\/\/anwaelte-da.de\/wp-content\/uploads\/2022\/11\/Darmstaedter_Loewe_SW.jpg","datePublished":"2011-04-18T05:26:15+00:00","dateModified":"2022-11-28T12:46:08+00:00","breadcrumb":{"@id":"https:\/\/anwaelte-da.de\/en\/rede-von-herrn-dr-berghauser-bei-der-preisvergabe-2\/#breadcrumb"},"inLanguage":"en-GB","potentialAction":[{"@type":"ReadAction","target":["https:\/\/anwaelte-da.de\/en\/rede-von-herrn-dr-berghauser-bei-der-preisvergabe-2\/"]}]},{"@type":"ImageObject","inLanguage":"en-GB","@id":"https:\/\/anwaelte-da.de\/en\/rede-von-herrn-dr-berghauser-bei-der-preisvergabe-2\/#primaryimage","url":"https:\/\/anwaelte-da.de\/wp-content\/uploads\/2022\/11\/Darmstaedter_Loewe_SW.jpg","contentUrl":"https:\/\/anwaelte-da.de\/wp-content\/uploads\/2022\/11\/Darmstaedter_Loewe_SW.jpg","width":492,"height":291},{"@type":"BreadcrumbList","@id":"https:\/\/anwaelte-da.de\/en\/rede-von-herrn-dr-berghauser-bei-der-preisvergabe-2\/#breadcrumb","itemListElement":[{"@type":"ListItem","position":1,"name":"Startseite","item":"https:\/\/anwaelte-da.de\/en\/home\/"},{"@type":"ListItem","position":2,"name":"Rede von Herrn Dr. Bergh\u00e4user bei der Preisvergabe"}]},{"@type":"WebSite","@id":"https:\/\/anwaelte-da.de\/en\/#website","url":"https:\/\/anwaelte-da.de\/en\/","name":"Rechtsanw\u00e4lte &amp; Notare seit 1925 in Darmstadt","description":"Fachanw\u00e4lte f\u00fcr Arbeitsrecht * Familienrecht * Erbrecht * Baurecht * Gesellschaftsrecht * Verwaltungsrecht * Versicherungsrecht * Mietrecht * Steuerrecht","publisher":{"@id":"https:\/\/anwaelte-da.de\/en\/#organization"},"potentialAction":[{"@type":"SearchAction","target":{"@type":"EntryPoint","urlTemplate":"https:\/\/anwaelte-da.de\/en\/?s={search_term_string}"},"query-input":{"@type":"PropertyValueSpecification","valueRequired":true,"valueName":"search_term_string"}}],"inLanguage":"en-GB"},{"@type":"Organization","@id":"https:\/\/anwaelte-da.de\/en\/#organization","name":"Rechtsanw\u00e4lte & Notare seit 1925 in Darmstadt","url":"https:\/\/anwaelte-da.de\/en\/","logo":{"@type":"ImageObject","inLanguage":"en-GB","@id":"https:\/\/anwaelte-da.de\/en\/#\/schema\/logo\/image\/","url":"https:\/\/anwaelte-da.de\/wp-content\/uploads\/2022\/11\/header.png","contentUrl":"https:\/\/anwaelte-da.de\/wp-content\/uploads\/2022\/11\/header.png","width":250,"height":39,"caption":"Rechtsanw\u00e4lte & Notare seit 1925 in Darmstadt"},"image":{"@id":"https:\/\/anwaelte-da.de\/en\/#\/schema\/logo\/image\/"}},{"@type":"Person","@id":"https:\/\/anwaelte-da.de\/en\/#\/schema\/person\/05e9d8a7343156cf0a4df0f3f2f33ab5","name":"RechtsAnw\u00e4lte &amp; Notare Darmstadt","image":{"@type":"ImageObject","inLanguage":"en-GB","@id":"https:\/\/anwaelte-da.de\/en\/#\/schema\/person\/image\/","url":"https:\/\/secure.gravatar.com\/avatar\/6ddc2a11057ce06e8f299296627af790500123c6e1471daf6edf7d62b93db5e5?s=96&d=mm&r=g","contentUrl":"https:\/\/secure.gravatar.com\/avatar\/6ddc2a11057ce06e8f299296627af790500123c6e1471daf6edf7d62b93db5e5?s=96&d=mm&r=g","caption":"RechtsAnw\u00e4lte &amp; Notare Darmstadt"},"url":"https:\/\/anwaelte-da.de\/en\/author\/infoanwaelte-da-de\/"}]}},"_links":{"self":[{"href":"https:\/\/anwaelte-da.de\/en\/wp-json\/wp\/v2\/posts\/995","targetHints":{"allow":["GET"]}}],"collection":[{"href":"https:\/\/anwaelte-da.de\/en\/wp-json\/wp\/v2\/posts"}],"about":[{"href":"https:\/\/anwaelte-da.de\/en\/wp-json\/wp\/v2\/types\/post"}],"author":[{"embeddable":true,"href":"https:\/\/anwaelte-da.de\/en\/wp-json\/wp\/v2\/users\/4"}],"replies":[{"embeddable":true,"href":"https:\/\/anwaelte-da.de\/en\/wp-json\/wp\/v2\/comments?post=995"}],"version-history":[{"count":0,"href":"https:\/\/anwaelte-da.de\/en\/wp-json\/wp\/v2\/posts\/995\/revisions"}],"wp:featuredmedia":[{"embeddable":true,"href":"https:\/\/anwaelte-da.de\/en\/wp-json\/wp\/v2\/media\/855"}],"wp:attachment":[{"href":"https:\/\/anwaelte-da.de\/en\/wp-json\/wp\/v2\/media?parent=995"}],"wp:term":[{"taxonomy":"category","embeddable":true,"href":"https:\/\/anwaelte-da.de\/en\/wp-json\/wp\/v2\/categories?post=995"},{"taxonomy":"post_tag","embeddable":true,"href":"https:\/\/anwaelte-da.de\/en\/wp-json\/wp\/v2\/tags?post=995"}],"curies":[{"name":"wp","href":"https:\/\/api.w.org\/{rel}","templated":true}]}}