{"id":984,"date":"2010-08-03T16:51:21","date_gmt":"2010-08-03T15:51:21","guid":{"rendered":"https:\/\/stage-ada.cooper-media.dev\/2010\/08\/03\/arbeitszimmer-als-werbungskosten-absetzbar-2\/"},"modified":"2010-08-03T16:51:21","modified_gmt":"2010-08-03T15:51:21","slug":"arbeitszimmer-als-werbungskosten-absetzbar-2","status":"publish","type":"post","link":"https:\/\/anwaelte-da.de\/en\/arbeitszimmer-als-werbungskosten-absetzbar-2\/","title":{"rendered":"Arbeitszimmer als Werbungskosten absetzbar"},"content":{"rendered":"<p>Seit 2007 werden Ausgaben f\u00fcr ein Arbeitszimmer nur noch dann vom Finanzamt akzeptiert, wenn dieses Zimmer den Mittelpunkt der gesamten betrieblichen und beruflichen Bet\u00e4tigung bildet. Nach einer Entscheidung des Bundesverfassungsgerichts vom 06.07.2010 (2 BvL 13\/09) ist diese gesetzliche Regelung verfassungswidrig, soweit kein anderer Arbeitsplatz zur Verf\u00fcgung steht und der Arbeitsplatz in der Wohnung nur beruflich oder betrieblich genutzt wird.<\/p>\n<p>Der Gesetzgeber muss nun ab 01.01.2007 eine neue Regelung beschlie\u00dfen. Steuerpflichtige k\u00f6nnen f\u00fcr 2007, 2008 und 2009 diese Kosten noch ansetzen, wenn diese Jahre noch nicht endg\u00fcltig veranlagt sind. In vielen F\u00e4llen werden Lehrer oder Mitarbeiter im Au\u00dfendienst davon profitieren k\u00f6nnen.<\/p>\n","protected":false},"excerpt":{"rendered":"<p>Seit 2007 werden Ausgaben f\u00fcr ein Arbeitszimmer nur noch dann vom Finanzamt akzeptiert, wenn dieses Zimmer den Mittelpunkt der gesamten betrieblichen und beruflichen Bet\u00e4tigung bildet. Nach einer Entscheidung des Bundesverfassungsgerichts vom 06.07.2010 (2 BvL 13\/09) ist diese gesetzliche Regelung verfassungswidrig, soweit kein anderer Arbeitsplatz zur Verf\u00fcgung steht und der Arbeitsplatz in der Wohnung nur beruflich [&hellip;]<\/p>\n","protected":false},"author":4,"featured_media":0,"comment_status":"open","ping_status":"open","sticky":false,"template":"","format":"standard","meta":{"_acf_changed":false,"inline_featured_image":false,"footnotes":""},"categories":[28],"tags":[],"class_list":["post-984","post","type-post","status-publish","format-standard","hentry","category-aktuelles"],"acf":[],"yoast_head":"<!-- This site is optimized with the Yoast SEO plugin v25.5 - https:\/\/yoast.com\/wordpress\/plugins\/seo\/ -->\n<title>Arbeitszimmer als Werbungskosten absetzbar - Rechtsanw\u00e4lte &amp; Notare seit 1925 in Darmstadt<\/title>\n<meta name=\"robots\" content=\"index, follow, max-snippet:-1, max-image-preview:large, max-video-preview:-1\" \/>\n<link rel=\"canonical\" href=\"https:\/\/anwaelte-da.de\/en\/arbeitszimmer-als-werbungskosten-absetzbar-2\/\" \/>\n<meta property=\"og:locale\" content=\"en_GB\" \/>\n<meta property=\"og:type\" content=\"article\" \/>\n<meta property=\"og:title\" content=\"Arbeitszimmer als Werbungskosten absetzbar - Rechtsanw\u00e4lte &amp; Notare seit 1925 in Darmstadt\" \/>\n<meta property=\"og:description\" content=\"Seit 2007 werden Ausgaben f\u00fcr ein Arbeitszimmer nur noch dann vom Finanzamt akzeptiert, wenn dieses Zimmer den Mittelpunkt der gesamten betrieblichen und beruflichen Bet\u00e4tigung bildet. Nach einer Entscheidung des Bundesverfassungsgerichts vom 06.07.2010 (2 BvL 13\/09) ist diese gesetzliche Regelung verfassungswidrig, soweit kein anderer Arbeitsplatz zur Verf\u00fcgung steht und der Arbeitsplatz in der Wohnung nur beruflich [&hellip;]\" \/>\n<meta property=\"og:url\" content=\"https:\/\/anwaelte-da.de\/en\/arbeitszimmer-als-werbungskosten-absetzbar-2\/\" \/>\n<meta property=\"og:site_name\" content=\"Rechtsanw\u00e4lte &amp; Notare seit 1925 in Darmstadt\" \/>\n<meta property=\"article:published_time\" content=\"2010-08-03T15:51:21+00:00\" \/>\n<meta name=\"author\" content=\"RechtsAnw\u00e4lte &amp; Notare Darmstadt\" \/>\n<meta name=\"twitter:card\" content=\"summary_large_image\" \/>\n<meta name=\"twitter:label1\" content=\"Written by\" \/>\n\t<meta name=\"twitter:data1\" content=\"RechtsAnw\u00e4lte &amp; Notare Darmstadt\" \/>\n\t<meta name=\"twitter:label2\" content=\"Estimated reading time\" \/>\n\t<meta name=\"twitter:data2\" content=\"1 minute\" \/>\n<script type=\"application\/ld+json\" class=\"yoast-schema-graph\">{\"@context\":\"https:\/\/schema.org\",\"@graph\":[{\"@type\":\"Article\",\"@id\":\"https:\/\/anwaelte-da.de\/en\/arbeitszimmer-als-werbungskosten-absetzbar-2\/#article\",\"isPartOf\":{\"@id\":\"https:\/\/anwaelte-da.de\/en\/arbeitszimmer-als-werbungskosten-absetzbar-2\/\"},\"author\":{\"name\":\"RechtsAnw\u00e4lte &amp; Notare Darmstadt\",\"@id\":\"https:\/\/anwaelte-da.de\/en\/#\/schema\/person\/05e9d8a7343156cf0a4df0f3f2f33ab5\"},\"headline\":\"Arbeitszimmer als Werbungskosten absetzbar\",\"datePublished\":\"2010-08-03T15:51:21+00:00\",\"mainEntityOfPage\":{\"@id\":\"https:\/\/anwaelte-da.de\/en\/arbeitszimmer-als-werbungskosten-absetzbar-2\/\"},\"wordCount\":106,\"commentCount\":0,\"publisher\":{\"@id\":\"https:\/\/anwaelte-da.de\/en\/#organization\"},\"articleSection\":[\"Aktuelles\"],\"inLanguage\":\"en-GB\"},{\"@type\":\"WebPage\",\"@id\":\"https:\/\/anwaelte-da.de\/en\/arbeitszimmer-als-werbungskosten-absetzbar-2\/\",\"url\":\"https:\/\/anwaelte-da.de\/en\/arbeitszimmer-als-werbungskosten-absetzbar-2\/\",\"name\":\"Arbeitszimmer als Werbungskosten absetzbar - Rechtsanw\u00e4lte &amp; Notare seit 1925 in Darmstadt\",\"isPartOf\":{\"@id\":\"https:\/\/anwaelte-da.de\/en\/#website\"},\"datePublished\":\"2010-08-03T15:51:21+00:00\",\"breadcrumb\":{\"@id\":\"https:\/\/anwaelte-da.de\/en\/arbeitszimmer-als-werbungskosten-absetzbar-2\/#breadcrumb\"},\"inLanguage\":\"en-GB\",\"potentialAction\":[{\"@type\":\"ReadAction\",\"target\":[\"https:\/\/anwaelte-da.de\/en\/arbeitszimmer-als-werbungskosten-absetzbar-2\/\"]}]},{\"@type\":\"BreadcrumbList\",\"@id\":\"https:\/\/anwaelte-da.de\/en\/arbeitszimmer-als-werbungskosten-absetzbar-2\/#breadcrumb\",\"itemListElement\":[{\"@type\":\"ListItem\",\"position\":1,\"name\":\"Startseite\",\"item\":\"https:\/\/anwaelte-da.de\/en\/home\/\"},{\"@type\":\"ListItem\",\"position\":2,\"name\":\"Arbeitszimmer als Werbungskosten absetzbar\"}]},{\"@type\":\"WebSite\",\"@id\":\"https:\/\/anwaelte-da.de\/en\/#website\",\"url\":\"https:\/\/anwaelte-da.de\/en\/\",\"name\":\"Rechtsanw\u00e4lte &amp; Notare seit 1925 in Darmstadt\",\"description\":\"Fachanw\u00e4lte f\u00fcr Arbeitsrecht * Familienrecht * Erbrecht * Baurecht * Gesellschaftsrecht * Verwaltungsrecht * Versicherungsrecht * Mietrecht * Steuerrecht\",\"publisher\":{\"@id\":\"https:\/\/anwaelte-da.de\/en\/#organization\"},\"potentialAction\":[{\"@type\":\"SearchAction\",\"target\":{\"@type\":\"EntryPoint\",\"urlTemplate\":\"https:\/\/anwaelte-da.de\/en\/?s={search_term_string}\"},\"query-input\":{\"@type\":\"PropertyValueSpecification\",\"valueRequired\":true,\"valueName\":\"search_term_string\"}}],\"inLanguage\":\"en-GB\"},{\"@type\":\"Organization\",\"@id\":\"https:\/\/anwaelte-da.de\/en\/#organization\",\"name\":\"Rechtsanw\u00e4lte & Notare seit 1925 in Darmstadt\",\"url\":\"https:\/\/anwaelte-da.de\/en\/\",\"logo\":{\"@type\":\"ImageObject\",\"inLanguage\":\"en-GB\",\"@id\":\"https:\/\/anwaelte-da.de\/en\/#\/schema\/logo\/image\/\",\"url\":\"https:\/\/anwaelte-da.de\/wp-content\/uploads\/2022\/11\/header.png\",\"contentUrl\":\"https:\/\/anwaelte-da.de\/wp-content\/uploads\/2022\/11\/header.png\",\"width\":250,\"height\":39,\"caption\":\"Rechtsanw\u00e4lte & Notare seit 1925 in Darmstadt\"},\"image\":{\"@id\":\"https:\/\/anwaelte-da.de\/en\/#\/schema\/logo\/image\/\"}},{\"@type\":\"Person\",\"@id\":\"https:\/\/anwaelte-da.de\/en\/#\/schema\/person\/05e9d8a7343156cf0a4df0f3f2f33ab5\",\"name\":\"RechtsAnw\u00e4lte &amp; Notare Darmstadt\",\"image\":{\"@type\":\"ImageObject\",\"inLanguage\":\"en-GB\",\"@id\":\"https:\/\/anwaelte-da.de\/en\/#\/schema\/person\/image\/\",\"url\":\"https:\/\/secure.gravatar.com\/avatar\/6ddc2a11057ce06e8f299296627af790500123c6e1471daf6edf7d62b93db5e5?s=96&d=mm&r=g\",\"contentUrl\":\"https:\/\/secure.gravatar.com\/avatar\/6ddc2a11057ce06e8f299296627af790500123c6e1471daf6edf7d62b93db5e5?s=96&d=mm&r=g\",\"caption\":\"RechtsAnw\u00e4lte &amp; Notare Darmstadt\"},\"url\":\"https:\/\/anwaelte-da.de\/en\/author\/infoanwaelte-da-de\/\"}]}<\/script>\n<!-- \/ Yoast SEO plugin. -->","yoast_head_json":{"title":"Arbeitszimmer als Werbungskosten absetzbar - Rechtsanw\u00e4lte &amp; Notare seit 1925 in Darmstadt","robots":{"index":"index","follow":"follow","max-snippet":"max-snippet:-1","max-image-preview":"max-image-preview:large","max-video-preview":"max-video-preview:-1"},"canonical":"https:\/\/anwaelte-da.de\/en\/arbeitszimmer-als-werbungskosten-absetzbar-2\/","og_locale":"en_GB","og_type":"article","og_title":"Arbeitszimmer als Werbungskosten absetzbar - Rechtsanw\u00e4lte &amp; Notare seit 1925 in Darmstadt","og_description":"Seit 2007 werden Ausgaben f\u00fcr ein Arbeitszimmer nur noch dann vom Finanzamt akzeptiert, wenn dieses Zimmer den Mittelpunkt der gesamten betrieblichen und beruflichen Bet\u00e4tigung bildet. Nach einer Entscheidung des Bundesverfassungsgerichts vom 06.07.2010 (2 BvL 13\/09) ist diese gesetzliche Regelung verfassungswidrig, soweit kein anderer Arbeitsplatz zur Verf\u00fcgung steht und der Arbeitsplatz in der Wohnung nur beruflich [&hellip;]","og_url":"https:\/\/anwaelte-da.de\/en\/arbeitszimmer-als-werbungskosten-absetzbar-2\/","og_site_name":"Rechtsanw\u00e4lte &amp; Notare seit 1925 in Darmstadt","article_published_time":"2010-08-03T15:51:21+00:00","author":"RechtsAnw\u00e4lte &amp; Notare Darmstadt","twitter_card":"summary_large_image","twitter_misc":{"Written by":"RechtsAnw\u00e4lte &amp; Notare Darmstadt","Estimated reading time":"1 minute"},"schema":{"@context":"https:\/\/schema.org","@graph":[{"@type":"Article","@id":"https:\/\/anwaelte-da.de\/en\/arbeitszimmer-als-werbungskosten-absetzbar-2\/#article","isPartOf":{"@id":"https:\/\/anwaelte-da.de\/en\/arbeitszimmer-als-werbungskosten-absetzbar-2\/"},"author":{"name":"RechtsAnw\u00e4lte &amp; Notare Darmstadt","@id":"https:\/\/anwaelte-da.de\/en\/#\/schema\/person\/05e9d8a7343156cf0a4df0f3f2f33ab5"},"headline":"Arbeitszimmer als Werbungskosten absetzbar","datePublished":"2010-08-03T15:51:21+00:00","mainEntityOfPage":{"@id":"https:\/\/anwaelte-da.de\/en\/arbeitszimmer-als-werbungskosten-absetzbar-2\/"},"wordCount":106,"commentCount":0,"publisher":{"@id":"https:\/\/anwaelte-da.de\/en\/#organization"},"articleSection":["Aktuelles"],"inLanguage":"en-GB"},{"@type":"WebPage","@id":"https:\/\/anwaelte-da.de\/en\/arbeitszimmer-als-werbungskosten-absetzbar-2\/","url":"https:\/\/anwaelte-da.de\/en\/arbeitszimmer-als-werbungskosten-absetzbar-2\/","name":"Arbeitszimmer als Werbungskosten absetzbar - Rechtsanw\u00e4lte &amp; Notare seit 1925 in Darmstadt","isPartOf":{"@id":"https:\/\/anwaelte-da.de\/en\/#website"},"datePublished":"2010-08-03T15:51:21+00:00","breadcrumb":{"@id":"https:\/\/anwaelte-da.de\/en\/arbeitszimmer-als-werbungskosten-absetzbar-2\/#breadcrumb"},"inLanguage":"en-GB","potentialAction":[{"@type":"ReadAction","target":["https:\/\/anwaelte-da.de\/en\/arbeitszimmer-als-werbungskosten-absetzbar-2\/"]}]},{"@type":"BreadcrumbList","@id":"https:\/\/anwaelte-da.de\/en\/arbeitszimmer-als-werbungskosten-absetzbar-2\/#breadcrumb","itemListElement":[{"@type":"ListItem","position":1,"name":"Startseite","item":"https:\/\/anwaelte-da.de\/en\/home\/"},{"@type":"ListItem","position":2,"name":"Arbeitszimmer als Werbungskosten absetzbar"}]},{"@type":"WebSite","@id":"https:\/\/anwaelte-da.de\/en\/#website","url":"https:\/\/anwaelte-da.de\/en\/","name":"Rechtsanw\u00e4lte &amp; Notare seit 1925 in Darmstadt","description":"Fachanw\u00e4lte f\u00fcr Arbeitsrecht * Familienrecht * Erbrecht * Baurecht * Gesellschaftsrecht * Verwaltungsrecht * Versicherungsrecht * Mietrecht * Steuerrecht","publisher":{"@id":"https:\/\/anwaelte-da.de\/en\/#organization"},"potentialAction":[{"@type":"SearchAction","target":{"@type":"EntryPoint","urlTemplate":"https:\/\/anwaelte-da.de\/en\/?s={search_term_string}"},"query-input":{"@type":"PropertyValueSpecification","valueRequired":true,"valueName":"search_term_string"}}],"inLanguage":"en-GB"},{"@type":"Organization","@id":"https:\/\/anwaelte-da.de\/en\/#organization","name":"Rechtsanw\u00e4lte & Notare seit 1925 in Darmstadt","url":"https:\/\/anwaelte-da.de\/en\/","logo":{"@type":"ImageObject","inLanguage":"en-GB","@id":"https:\/\/anwaelte-da.de\/en\/#\/schema\/logo\/image\/","url":"https:\/\/anwaelte-da.de\/wp-content\/uploads\/2022\/11\/header.png","contentUrl":"https:\/\/anwaelte-da.de\/wp-content\/uploads\/2022\/11\/header.png","width":250,"height":39,"caption":"Rechtsanw\u00e4lte & Notare seit 1925 in Darmstadt"},"image":{"@id":"https:\/\/anwaelte-da.de\/en\/#\/schema\/logo\/image\/"}},{"@type":"Person","@id":"https:\/\/anwaelte-da.de\/en\/#\/schema\/person\/05e9d8a7343156cf0a4df0f3f2f33ab5","name":"RechtsAnw\u00e4lte &amp; Notare Darmstadt","image":{"@type":"ImageObject","inLanguage":"en-GB","@id":"https:\/\/anwaelte-da.de\/en\/#\/schema\/person\/image\/","url":"https:\/\/secure.gravatar.com\/avatar\/6ddc2a11057ce06e8f299296627af790500123c6e1471daf6edf7d62b93db5e5?s=96&d=mm&r=g","contentUrl":"https:\/\/secure.gravatar.com\/avatar\/6ddc2a11057ce06e8f299296627af790500123c6e1471daf6edf7d62b93db5e5?s=96&d=mm&r=g","caption":"RechtsAnw\u00e4lte &amp; Notare Darmstadt"},"url":"https:\/\/anwaelte-da.de\/en\/author\/infoanwaelte-da-de\/"}]}},"_links":{"self":[{"href":"https:\/\/anwaelte-da.de\/en\/wp-json\/wp\/v2\/posts\/984","targetHints":{"allow":["GET"]}}],"collection":[{"href":"https:\/\/anwaelte-da.de\/en\/wp-json\/wp\/v2\/posts"}],"about":[{"href":"https:\/\/anwaelte-da.de\/en\/wp-json\/wp\/v2\/types\/post"}],"author":[{"embeddable":true,"href":"https:\/\/anwaelte-da.de\/en\/wp-json\/wp\/v2\/users\/4"}],"replies":[{"embeddable":true,"href":"https:\/\/anwaelte-da.de\/en\/wp-json\/wp\/v2\/comments?post=984"}],"version-history":[{"count":0,"href":"https:\/\/anwaelte-da.de\/en\/wp-json\/wp\/v2\/posts\/984\/revisions"}],"wp:attachment":[{"href":"https:\/\/anwaelte-da.de\/en\/wp-json\/wp\/v2\/media?parent=984"}],"wp:term":[{"taxonomy":"category","embeddable":true,"href":"https:\/\/anwaelte-da.de\/en\/wp-json\/wp\/v2\/categories?post=984"},{"taxonomy":"post_tag","embeddable":true,"href":"https:\/\/anwaelte-da.de\/en\/wp-json\/wp\/v2\/tags?post=984"}],"curies":[{"name":"wp","href":"https:\/\/api.w.org\/{rel}","templated":true}]}}