{"id":2148,"date":"2026-04-29T16:13:47","date_gmt":"2026-04-29T15:13:47","guid":{"rendered":"https:\/\/anwaelte-da.de\/?p=2148"},"modified":"2026-04-29T16:13:56","modified_gmt":"2026-04-29T15:13:56","slug":"frau-rosa-loew-nun-fachanwaeltin-fuer-arbeitsrecht","status":"publish","type":"post","link":"https:\/\/anwaelte-da.de\/en\/frau-rosa-loew-nun-fachanwaeltin-fuer-arbeitsrecht\/","title":{"rendered":"Frau Rosa L\u00f6w nun Fachanw\u00e4ltin f\u00fcr Arbeitsrecht"},"content":{"rendered":"<p>Wir freuen uns, dass Frau Rechtsanw\u00e4ltin Rosa L\u00f6w seit M\u00e4rz 2026 berechtigt ist , die Bezeichnung \u201eFachanw\u00e4ltin f\u00fcr Arbeitsrecht\u201c zu f\u00fchren. Die Verleihung erfolgte durch den Vorstand der Rechtsanwaltskammer Frankfurt am Main aufgrund der nachgewiesenen besonderen theoretischen Kenntnisse und praktischen Erfahrungen.<\/p>\n<p>Als Fachanw\u00e4ltin f\u00fcr Arbeitsrecht steht Frau L\u00f6w mit ihrer fachlichen Expertise unseren Mandanten kompetent in arbeitsrechtlichen Fragen zur Seite.<\/p>\n<p>Wir freuen uns, unser Beratungsangebot f\u00fcr unsere Mandanten durch diese zus\u00e4tzliche Qualifikation weiter zu st\u00e4rken.<\/p>\n","protected":false},"excerpt":{"rendered":"<p>Wir freuen uns, dass Frau Rechtsanw\u00e4ltin Rosa L\u00f6w seit M\u00e4rz 2026 berechtigt ist , die Bezeichnung \u201eFachanw\u00e4ltin f\u00fcr Arbeitsrecht\u201c zu f\u00fchren. Die Verleihung erfolgte durch den Vorstand der Rechtsanwaltskammer Frankfurt am Main aufgrund der nachgewiesenen besonderen theoretischen Kenntnisse und praktischen Erfahrungen. Als Fachanw\u00e4ltin f\u00fcr Arbeitsrecht steht Frau L\u00f6w mit ihrer fachlichen Expertise unseren Mandanten kompetent [&hellip;]<\/p>\n","protected":false},"author":5,"featured_media":0,"comment_status":"closed","ping_status":"closed","sticky":false,"template":"","format":"standard","meta":{"_acf_changed":false,"inline_featured_image":false,"footnotes":""},"categories":[],"tags":[],"class_list":["post-2148","post","type-post","status-publish","format-standard","hentry"],"acf":[],"yoast_head":"<!-- This site is optimized with the Yoast SEO plugin v25.5 - https:\/\/yoast.com\/wordpress\/plugins\/seo\/ -->\n<title>Frau Rosa L\u00f6w nun Fachanw\u00e4ltin f\u00fcr Arbeitsrecht - Rechtsanw\u00e4lte &amp; Notare seit 1925 in Darmstadt<\/title>\n<meta name=\"robots\" content=\"index, follow, max-snippet:-1, max-image-preview:large, max-video-preview:-1\" \/>\n<link rel=\"canonical\" href=\"https:\/\/anwaelte-da.de\/en\/frau-rosa-loew-nun-fachanwaeltin-fuer-arbeitsrecht\/\" \/>\n<meta property=\"og:locale\" content=\"en_GB\" \/>\n<meta property=\"og:type\" content=\"article\" \/>\n<meta property=\"og:title\" content=\"Frau Rosa L\u00f6w nun Fachanw\u00e4ltin f\u00fcr Arbeitsrecht - Rechtsanw\u00e4lte &amp; Notare seit 1925 in Darmstadt\" \/>\n<meta property=\"og:description\" content=\"Wir freuen uns, dass Frau Rechtsanw\u00e4ltin Rosa L\u00f6w seit M\u00e4rz 2026 berechtigt ist , die Bezeichnung \u201eFachanw\u00e4ltin f\u00fcr Arbeitsrecht\u201c zu f\u00fchren. Die Verleihung erfolgte durch den Vorstand der Rechtsanwaltskammer Frankfurt am Main aufgrund der nachgewiesenen besonderen theoretischen Kenntnisse und praktischen Erfahrungen. Als Fachanw\u00e4ltin f\u00fcr Arbeitsrecht steht Frau L\u00f6w mit ihrer fachlichen Expertise unseren Mandanten kompetent [&hellip;]\" \/>\n<meta property=\"og:url\" content=\"https:\/\/anwaelte-da.de\/en\/frau-rosa-loew-nun-fachanwaeltin-fuer-arbeitsrecht\/\" \/>\n<meta property=\"og:site_name\" content=\"Rechtsanw\u00e4lte &amp; Notare seit 1925 in Darmstadt\" \/>\n<meta property=\"article:published_time\" content=\"2026-04-29T15:13:47+00:00\" \/>\n<meta property=\"article:modified_time\" content=\"2026-04-29T15:13:56+00:00\" \/>\n<meta name=\"author\" content=\"Lenard Bock\" \/>\n<meta name=\"twitter:card\" content=\"summary_large_image\" \/>\n<meta name=\"twitter:label1\" content=\"Written by\" \/>\n\t<meta name=\"twitter:data1\" content=\"Lenard Bock\" \/>\n\t<meta name=\"twitter:label2\" content=\"Estimated reading time\" \/>\n\t<meta name=\"twitter:data2\" content=\"1 minute\" \/>\n<script type=\"application\/ld+json\" class=\"yoast-schema-graph\">{\"@context\":\"https:\/\/schema.org\",\"@graph\":[{\"@type\":\"Article\",\"@id\":\"https:\/\/anwaelte-da.de\/en\/frau-rosa-loew-nun-fachanwaeltin-fuer-arbeitsrecht\/#article\",\"isPartOf\":{\"@id\":\"https:\/\/anwaelte-da.de\/en\/frau-rosa-loew-nun-fachanwaeltin-fuer-arbeitsrecht\/\"},\"author\":{\"name\":\"Lenard Bock\",\"@id\":\"https:\/\/anwaelte-da.de\/en\/#\/schema\/person\/4753009e37ccca8039a249a78b92083f\"},\"headline\":\"Frau Rosa L\u00f6w nun Fachanw\u00e4ltin f\u00fcr Arbeitsrecht\",\"datePublished\":\"2026-04-29T15:13:47+00:00\",\"dateModified\":\"2026-04-29T15:13:56+00:00\",\"mainEntityOfPage\":{\"@id\":\"https:\/\/anwaelte-da.de\/en\/frau-rosa-loew-nun-fachanwaeltin-fuer-arbeitsrecht\/\"},\"wordCount\":95,\"publisher\":{\"@id\":\"https:\/\/anwaelte-da.de\/en\/#organization\"},\"inLanguage\":\"en-GB\"},{\"@type\":\"WebPage\",\"@id\":\"https:\/\/anwaelte-da.de\/en\/frau-rosa-loew-nun-fachanwaeltin-fuer-arbeitsrecht\/\",\"url\":\"https:\/\/anwaelte-da.de\/en\/frau-rosa-loew-nun-fachanwaeltin-fuer-arbeitsrecht\/\",\"name\":\"Frau Rosa L\u00f6w nun Fachanw\u00e4ltin f\u00fcr Arbeitsrecht - Rechtsanw\u00e4lte &amp; Notare seit 1925 in Darmstadt\",\"isPartOf\":{\"@id\":\"https:\/\/anwaelte-da.de\/en\/#website\"},\"datePublished\":\"2026-04-29T15:13:47+00:00\",\"dateModified\":\"2026-04-29T15:13:56+00:00\",\"breadcrumb\":{\"@id\":\"https:\/\/anwaelte-da.de\/en\/frau-rosa-loew-nun-fachanwaeltin-fuer-arbeitsrecht\/#breadcrumb\"},\"inLanguage\":\"en-GB\",\"potentialAction\":[{\"@type\":\"ReadAction\",\"target\":[\"https:\/\/anwaelte-da.de\/en\/frau-rosa-loew-nun-fachanwaeltin-fuer-arbeitsrecht\/\"]}]},{\"@type\":\"BreadcrumbList\",\"@id\":\"https:\/\/anwaelte-da.de\/en\/frau-rosa-loew-nun-fachanwaeltin-fuer-arbeitsrecht\/#breadcrumb\",\"itemListElement\":[{\"@type\":\"ListItem\",\"position\":1,\"name\":\"Startseite\",\"item\":\"https:\/\/anwaelte-da.de\/en\/home\/\"},{\"@type\":\"ListItem\",\"position\":2,\"name\":\"Frau Rosa L\u00f6w nun Fachanw\u00e4ltin f\u00fcr Arbeitsrecht\"}]},{\"@type\":\"WebSite\",\"@id\":\"https:\/\/anwaelte-da.de\/en\/#website\",\"url\":\"https:\/\/anwaelte-da.de\/en\/\",\"name\":\"Rechtsanw\u00e4lte &amp; Notare seit 1925 in Darmstadt\",\"description\":\"Fachanw\u00e4lte f\u00fcr Arbeitsrecht * Familienrecht * Erbrecht * Baurecht * Gesellschaftsrecht * Verwaltungsrecht * Versicherungsrecht * Mietrecht * Steuerrecht\",\"publisher\":{\"@id\":\"https:\/\/anwaelte-da.de\/en\/#organization\"},\"potentialAction\":[{\"@type\":\"SearchAction\",\"target\":{\"@type\":\"EntryPoint\",\"urlTemplate\":\"https:\/\/anwaelte-da.de\/en\/?s={search_term_string}\"},\"query-input\":{\"@type\":\"PropertyValueSpecification\",\"valueRequired\":true,\"valueName\":\"search_term_string\"}}],\"inLanguage\":\"en-GB\"},{\"@type\":\"Organization\",\"@id\":\"https:\/\/anwaelte-da.de\/en\/#organization\",\"name\":\"Rechtsanw\u00e4lte & Notare seit 1925 in Darmstadt\",\"url\":\"https:\/\/anwaelte-da.de\/en\/\",\"logo\":{\"@type\":\"ImageObject\",\"inLanguage\":\"en-GB\",\"@id\":\"https:\/\/anwaelte-da.de\/en\/#\/schema\/logo\/image\/\",\"url\":\"https:\/\/anwaelte-da.de\/wp-content\/uploads\/2022\/11\/header.png\",\"contentUrl\":\"https:\/\/anwaelte-da.de\/wp-content\/uploads\/2022\/11\/header.png\",\"width\":250,\"height\":39,\"caption\":\"Rechtsanw\u00e4lte & Notare seit 1925 in Darmstadt\"},\"image\":{\"@id\":\"https:\/\/anwaelte-da.de\/en\/#\/schema\/logo\/image\/\"}},{\"@type\":\"Person\",\"@id\":\"https:\/\/anwaelte-da.de\/en\/#\/schema\/person\/4753009e37ccca8039a249a78b92083f\",\"name\":\"Lenard Bock\",\"image\":{\"@type\":\"ImageObject\",\"inLanguage\":\"en-GB\",\"@id\":\"https:\/\/anwaelte-da.de\/en\/#\/schema\/person\/image\/\",\"url\":\"https:\/\/secure.gravatar.com\/avatar\/01c3e235af1e2d3622367c039ee00fdc2ba71f0fef0390e5158a67f7545b16f5?s=96&d=mm&r=g\",\"contentUrl\":\"https:\/\/secure.gravatar.com\/avatar\/01c3e235af1e2d3622367c039ee00fdc2ba71f0fef0390e5158a67f7545b16f5?s=96&d=mm&r=g\",\"caption\":\"Lenard Bock\"},\"url\":\"https:\/\/anwaelte-da.de\/en\/author\/bockanwaelte-da-de\/\"}]}<\/script>\n<!-- \/ Yoast SEO plugin. -->","yoast_head_json":{"title":"Frau Rosa L\u00f6w nun Fachanw\u00e4ltin f\u00fcr Arbeitsrecht - Rechtsanw\u00e4lte &amp; Notare seit 1925 in Darmstadt","robots":{"index":"index","follow":"follow","max-snippet":"max-snippet:-1","max-image-preview":"max-image-preview:large","max-video-preview":"max-video-preview:-1"},"canonical":"https:\/\/anwaelte-da.de\/en\/frau-rosa-loew-nun-fachanwaeltin-fuer-arbeitsrecht\/","og_locale":"en_GB","og_type":"article","og_title":"Frau Rosa L\u00f6w nun Fachanw\u00e4ltin f\u00fcr Arbeitsrecht - Rechtsanw\u00e4lte &amp; Notare seit 1925 in Darmstadt","og_description":"Wir freuen uns, dass Frau Rechtsanw\u00e4ltin Rosa L\u00f6w seit M\u00e4rz 2026 berechtigt ist , die Bezeichnung \u201eFachanw\u00e4ltin f\u00fcr Arbeitsrecht\u201c zu f\u00fchren. Die Verleihung erfolgte durch den Vorstand der Rechtsanwaltskammer Frankfurt am Main aufgrund der nachgewiesenen besonderen theoretischen Kenntnisse und praktischen Erfahrungen. Als Fachanw\u00e4ltin f\u00fcr Arbeitsrecht steht Frau L\u00f6w mit ihrer fachlichen Expertise unseren Mandanten kompetent [&hellip;]","og_url":"https:\/\/anwaelte-da.de\/en\/frau-rosa-loew-nun-fachanwaeltin-fuer-arbeitsrecht\/","og_site_name":"Rechtsanw\u00e4lte &amp; Notare seit 1925 in Darmstadt","article_published_time":"2026-04-29T15:13:47+00:00","article_modified_time":"2026-04-29T15:13:56+00:00","author":"Lenard Bock","twitter_card":"summary_large_image","twitter_misc":{"Written by":"Lenard Bock","Estimated reading time":"1 minute"},"schema":{"@context":"https:\/\/schema.org","@graph":[{"@type":"Article","@id":"https:\/\/anwaelte-da.de\/en\/frau-rosa-loew-nun-fachanwaeltin-fuer-arbeitsrecht\/#article","isPartOf":{"@id":"https:\/\/anwaelte-da.de\/en\/frau-rosa-loew-nun-fachanwaeltin-fuer-arbeitsrecht\/"},"author":{"name":"Lenard Bock","@id":"https:\/\/anwaelte-da.de\/en\/#\/schema\/person\/4753009e37ccca8039a249a78b92083f"},"headline":"Frau Rosa L\u00f6w nun Fachanw\u00e4ltin f\u00fcr Arbeitsrecht","datePublished":"2026-04-29T15:13:47+00:00","dateModified":"2026-04-29T15:13:56+00:00","mainEntityOfPage":{"@id":"https:\/\/anwaelte-da.de\/en\/frau-rosa-loew-nun-fachanwaeltin-fuer-arbeitsrecht\/"},"wordCount":95,"publisher":{"@id":"https:\/\/anwaelte-da.de\/en\/#organization"},"inLanguage":"en-GB"},{"@type":"WebPage","@id":"https:\/\/anwaelte-da.de\/en\/frau-rosa-loew-nun-fachanwaeltin-fuer-arbeitsrecht\/","url":"https:\/\/anwaelte-da.de\/en\/frau-rosa-loew-nun-fachanwaeltin-fuer-arbeitsrecht\/","name":"Frau Rosa L\u00f6w nun Fachanw\u00e4ltin f\u00fcr Arbeitsrecht - Rechtsanw\u00e4lte &amp; Notare seit 1925 in Darmstadt","isPartOf":{"@id":"https:\/\/anwaelte-da.de\/en\/#website"},"datePublished":"2026-04-29T15:13:47+00:00","dateModified":"2026-04-29T15:13:56+00:00","breadcrumb":{"@id":"https:\/\/anwaelte-da.de\/en\/frau-rosa-loew-nun-fachanwaeltin-fuer-arbeitsrecht\/#breadcrumb"},"inLanguage":"en-GB","potentialAction":[{"@type":"ReadAction","target":["https:\/\/anwaelte-da.de\/en\/frau-rosa-loew-nun-fachanwaeltin-fuer-arbeitsrecht\/"]}]},{"@type":"BreadcrumbList","@id":"https:\/\/anwaelte-da.de\/en\/frau-rosa-loew-nun-fachanwaeltin-fuer-arbeitsrecht\/#breadcrumb","itemListElement":[{"@type":"ListItem","position":1,"name":"Startseite","item":"https:\/\/anwaelte-da.de\/en\/home\/"},{"@type":"ListItem","position":2,"name":"Frau Rosa L\u00f6w nun Fachanw\u00e4ltin f\u00fcr Arbeitsrecht"}]},{"@type":"WebSite","@id":"https:\/\/anwaelte-da.de\/en\/#website","url":"https:\/\/anwaelte-da.de\/en\/","name":"Rechtsanw\u00e4lte &amp; Notare seit 1925 in Darmstadt","description":"Fachanw\u00e4lte f\u00fcr Arbeitsrecht * Familienrecht * Erbrecht * Baurecht * Gesellschaftsrecht * Verwaltungsrecht * Versicherungsrecht * Mietrecht * Steuerrecht","publisher":{"@id":"https:\/\/anwaelte-da.de\/en\/#organization"},"potentialAction":[{"@type":"SearchAction","target":{"@type":"EntryPoint","urlTemplate":"https:\/\/anwaelte-da.de\/en\/?s={search_term_string}"},"query-input":{"@type":"PropertyValueSpecification","valueRequired":true,"valueName":"search_term_string"}}],"inLanguage":"en-GB"},{"@type":"Organization","@id":"https:\/\/anwaelte-da.de\/en\/#organization","name":"Rechtsanw\u00e4lte & Notare seit 1925 in Darmstadt","url":"https:\/\/anwaelte-da.de\/en\/","logo":{"@type":"ImageObject","inLanguage":"en-GB","@id":"https:\/\/anwaelte-da.de\/en\/#\/schema\/logo\/image\/","url":"https:\/\/anwaelte-da.de\/wp-content\/uploads\/2022\/11\/header.png","contentUrl":"https:\/\/anwaelte-da.de\/wp-content\/uploads\/2022\/11\/header.png","width":250,"height":39,"caption":"Rechtsanw\u00e4lte & Notare seit 1925 in Darmstadt"},"image":{"@id":"https:\/\/anwaelte-da.de\/en\/#\/schema\/logo\/image\/"}},{"@type":"Person","@id":"https:\/\/anwaelte-da.de\/en\/#\/schema\/person\/4753009e37ccca8039a249a78b92083f","name":"Lenard Bock","image":{"@type":"ImageObject","inLanguage":"en-GB","@id":"https:\/\/anwaelte-da.de\/en\/#\/schema\/person\/image\/","url":"https:\/\/secure.gravatar.com\/avatar\/01c3e235af1e2d3622367c039ee00fdc2ba71f0fef0390e5158a67f7545b16f5?s=96&d=mm&r=g","contentUrl":"https:\/\/secure.gravatar.com\/avatar\/01c3e235af1e2d3622367c039ee00fdc2ba71f0fef0390e5158a67f7545b16f5?s=96&d=mm&r=g","caption":"Lenard Bock"},"url":"https:\/\/anwaelte-da.de\/en\/author\/bockanwaelte-da-de\/"}]}},"_links":{"self":[{"href":"https:\/\/anwaelte-da.de\/en\/wp-json\/wp\/v2\/posts\/2148","targetHints":{"allow":["GET"]}}],"collection":[{"href":"https:\/\/anwaelte-da.de\/en\/wp-json\/wp\/v2\/posts"}],"about":[{"href":"https:\/\/anwaelte-da.de\/en\/wp-json\/wp\/v2\/types\/post"}],"author":[{"embeddable":true,"href":"https:\/\/anwaelte-da.de\/en\/wp-json\/wp\/v2\/users\/5"}],"replies":[{"embeddable":true,"href":"https:\/\/anwaelte-da.de\/en\/wp-json\/wp\/v2\/comments?post=2148"}],"version-history":[{"count":2,"href":"https:\/\/anwaelte-da.de\/en\/wp-json\/wp\/v2\/posts\/2148\/revisions"}],"predecessor-version":[{"id":2150,"href":"https:\/\/anwaelte-da.de\/en\/wp-json\/wp\/v2\/posts\/2148\/revisions\/2150"}],"wp:attachment":[{"href":"https:\/\/anwaelte-da.de\/en\/wp-json\/wp\/v2\/media?parent=2148"}],"wp:term":[{"taxonomy":"category","embeddable":true,"href":"https:\/\/anwaelte-da.de\/en\/wp-json\/wp\/v2\/categories?post=2148"},{"taxonomy":"post_tag","embeddable":true,"href":"https:\/\/anwaelte-da.de\/en\/wp-json\/wp\/v2\/tags?post=2148"}],"curies":[{"name":"wp","href":"https:\/\/api.w.org\/{rel}","templated":true}]}}